{"id":1260,"date":"2024-07-02T13:46:28","date_gmt":"2024-07-02T12:46:28","guid":{"rendered":"https:\/\/anetoseguro.com\/?p=1260"},"modified":"2024-07-02T13:46:28","modified_gmt":"2024-07-02T12:46:28","slug":"encuesta-virtual-sobre-el-aneto","status":"publish","type":"post","link":"https:\/\/anetoseguro.com\/fr\/encuesta-virtual-sobre-el-aneto\/","title":{"rendered":"Enqu\u00eate virtuelle sur Aneto"},"content":{"rendered":"<p><a href=\"https:\/\/anetoseguro.com\/wp-content\/uploads\/2024\/07\/Encuesta-Aneto-ascension.jpg\"><img loading=\"lazy\" decoding=\"async\" class=\"aligncenter wp-image-1262 size-large\" title=\"Encuesta virtual sobre el Aneto\" src=\"https:\/\/anetoseguro.com\/wp-content\/uploads\/2024\/07\/Encuesta-Aneto-ascension-730x730.jpg\" alt=\"Encuesta virtual sobre el Aneto\" width=\"730\" height=\"730\" srcset=\"https:\/\/anetoseguro.com\/wp-content\/uploads\/2024\/07\/Encuesta-Aneto-ascension-730x730.jpg 730w, https:\/\/anetoseguro.com\/wp-content\/uploads\/2024\/07\/Encuesta-Aneto-ascension-350x350.jpg 350w, https:\/\/anetoseguro.com\/wp-content\/uploads\/2024\/07\/Encuesta-Aneto-ascension-768x768.jpg 768w, https:\/\/anetoseguro.com\/wp-content\/uploads\/2024\/07\/Encuesta-Aneto-ascension-1536x1536.jpg 1536w, https:\/\/anetoseguro.com\/wp-content\/uploads\/2024\/07\/Encuesta-Aneto-ascension-2048x2048.jpg 2048w, https:\/\/anetoseguro.com\/wp-content\/uploads\/2024\/07\/Encuesta-Aneto-ascension-180x180.jpg 180w, https:\/\/anetoseguro.com\/wp-content\/uploads\/2024\/07\/Encuesta-Aneto-ascension-1366x1366.jpg 1366w\" sizes=\"auto, (max-width: 730px) 100vw, 730px\" \/><\/a><\/p>\n<p><strong>L&#8217;enqu\u00eate virtuelle sur Aneto<\/strong> permet la collecte de donn\u00e9es &#8211; virtuelles et volontaires &#8211; avec des <strong>informations li\u00e9es \u00e0 l&#8217;ascension ou \u00e0 la tentative d&#8217;ascension de ce sommet pendant la saison estivale<\/strong> (p\u00e9riode juin-octobre de chaque ann\u00e9e).<\/p>\n<p>Nous connaissons le <strong><a href=\"https:\/\/montanasegura.com\/rescates-en-el-aneto-2022\/\" target=\"_blank\" rel=\"noopener\">profil des personnes secourues \u00e0 Aneto<\/a><\/strong> gr\u00e2ce aux donn\u00e9es collect\u00e9es par les <a href=\"https:\/\/montanasegura.com\/el-rescate-en-montana-en-aragon\/\" target=\"_blank\" rel=\"noopener\"><strong>Unit\u00e9s de Secours et d&#8217;Intervention en Montagne de la Garde Civile d&#8217;Aragon<\/strong><\/a>. Cependant, nous ne savons pas quelle <strong>fraction<\/strong> des alpinistes qui tentent l&#8217;ascension a besoin de ces secours et si cette fraction a un <strong>profil sp\u00e9cifique<\/strong> ou une caract\u00e9ristique qui permet des actions pr\u00e9ventives explicitement dirig\u00e9es \u00e0 leur intention.<\/p>\n<h4>Les donn\u00e9es analys\u00e9es de l&#8217;enqu\u00eate virtuelle sur Aneto<\/h4>\n<p>L&#8217;enqu\u00eate a \u00e9t\u00e9 lanc\u00e9e \u00e0 l&#8217;\u00e9t\u00e9 2023. Cette premi\u00e8re ann\u00e9e, <strong>519 enqu\u00eates ont \u00e9t\u00e9 enregistr\u00e9es sur des personnes qui avaient promu ou tent\u00e9 de promouvoir Aneto au cours de la p\u00e9riode juin-octobre 2023<\/strong>. <a href=\"https:\/\/montanasegura.com\/encuestas-2023-sobre-el-aneto\/\" target=\"_blank\" rel=\"noopener\"><strong>Les informations collect\u00e9es sont analys\u00e9es dans ce lien<\/strong><\/a>.<\/p>\n<h4><span id=\"Has_ascendido_o_intentado_ascender_al_Aneto_este_verano_querriamos_hacerte_unas_preguntas8230\">Avez-vous promu ou essay\u00e9 de promouvoir Aneto cet \u00e9t\u00e9 ? Nous aimerions vous poser quelques questions\u2026<\/span><\/h4>\n<p>Nous voulons continuer \u00e0 savoir \u00e0 quoi ressemblent les personnes qui ont promu ou tentent de promouvoir \u00e0 Aneto cet \u00e9t\u00e9. Pour collecter ces informations, nous disposons de <a href=\"https:\/\/montanasegura.com\/encuesta-aneto\/\" target=\"_blank\" rel=\"noopener\"><strong>l&#8217;enqu\u00eate virtuelle sur votre ascension ou tentative d&#8217;ascension de l&#8217;Aneto dans des conditions estivales<\/strong><\/a>, \u00e0 remplir une fois de retour du sommet ou de la tentative de sommet. Voulez-vous nous raconter votre exp\u00e9rience? Nous n&#8217;avons besoin que de 5 minutes de votre temps.<\/p>\n<p>Nous esp\u00e9rons continuer \u00e0 collecter des donn\u00e9es au cours de cette ann\u00e9e \u00e9galement. Si vous avez ascensionn\u00e9 ou tent\u00e9 de monter \u00e0 Aneto, ou si vous connaissez quelqu&#8217;un qui y est all\u00e9, partagez et remplissez ce sondage.<\/p>","protected":false},"excerpt":{"rendered":"<p>L&#8217;enqu\u00eate virtuelle sur Aneto permet la collecte de donn\u00e9es &#8211; virtuelles et volontaires &#8211; avec des informations li\u00e9es \u00e0 l&#8217;ascension ou \u00e0 la tentative d&#8217;ascension de ce sommet pendant la saison estivale (p\u00e9riode juin-octobre de chaque ann\u00e9e). Nous connaissons le profil des personnes secourues \u00e0 Aneto gr\u00e2ce aux donn\u00e9es collect\u00e9es par les Unit\u00e9s de Secours et d&#8217;Intervention en Montagne de la Garde Civile d&#8217;Aragon. Cependant, nous ne savons pas quelle fraction des alpinistes qui tentent l&#8217;ascension a besoin de ces secours et si cette fraction a un profil sp\u00e9cifique ou une caract\u00e9ristique qui permet des actions pr\u00e9ventives explicitement dirig\u00e9es \u00e0 &hellip;<\/p>\n","protected":false},"author":2,"featured_media":1262,"comment_status":"open","ping_status":"closed","sticky":false,"template":"","format":"standard","meta":{"_joinchat":[],"footnotes":""},"categories":[5],"tags":[],"class_list":["post-1260","post","type-post","status-publish","format-standard","has-post-thumbnail","hentry","category-actualidad"],"_links":{"self":[{"href":"https:\/\/anetoseguro.com\/fr\/wp-json\/wp\/v2\/posts\/1260","targetHints":{"allow":["GET"]}}],"collection":[{"href":"https:\/\/anetoseguro.com\/fr\/wp-json\/wp\/v2\/posts"}],"about":[{"href":"https:\/\/anetoseguro.com\/fr\/wp-json\/wp\/v2\/types\/post"}],"author":[{"embeddable":true,"href":"https:\/\/anetoseguro.com\/fr\/wp-json\/wp\/v2\/users\/2"}],"replies":[{"embeddable":true,"href":"https:\/\/anetoseguro.com\/fr\/wp-json\/wp\/v2\/comments?post=1260"}],"version-history":[{"count":3,"href":"https:\/\/anetoseguro.com\/fr\/wp-json\/wp\/v2\/posts\/1260\/revisions"}],"predecessor-version":[{"id":1264,"href":"https:\/\/anetoseguro.com\/fr\/wp-json\/wp\/v2\/posts\/1260\/revisions\/1264"}],"wp:featuredmedia":[{"embeddable":true,"href":"https:\/\/anetoseguro.com\/fr\/wp-json\/wp\/v2\/media\/1262"}],"wp:attachment":[{"href":"https:\/\/anetoseguro.com\/fr\/wp-json\/wp\/v2\/media?parent=1260"}],"wp:term":[{"taxonomy":"category","embeddable":true,"href":"https:\/\/anetoseguro.com\/fr\/wp-json\/wp\/v2\/categories?post=1260"},{"taxonomy":"post_tag","embeddable":true,"href":"https:\/\/anetoseguro.com\/fr\/wp-json\/wp\/v2\/tags?post=1260"}],"curies":[{"name":"wp","href":"https:\/\/api.w.org\/{rel}","templated":true}]}}