{"id":689,"date":"2022-09-14T13:40:55","date_gmt":"2022-09-14T12:40:55","guid":{"rendered":"http:\/\/anetoseguro.com\/?p=689"},"modified":"2022-09-30T11:39:34","modified_gmt":"2022-09-30T10:39:34","slug":"nevando-en-el-aneto-en-verano","status":"publish","type":"post","link":"https:\/\/anetoseguro.com\/fr\/nevando-en-el-aneto-en-verano\/","title":{"rendered":"De la neige sur l&#8217;Aneto en plein \u00e9t\u00e9"},"content":{"rendered":"<p><div id=\"attachment_693\" style=\"width: 360px\" class=\"wp-caption alignleft\"><a href=\"https:\/\/anetoseguro.com\/wp-content\/uploads\/2017\/09\/Aneto_150905_Gerardo_Bielsa_Pellicer.jpg\"><img loading=\"lazy\" decoding=\"async\" aria-describedby=\"caption-attachment-693\" class=\"wp-image-693 size-medium\" title=\"Gerardo Bielsa Aneto nevado\" src=\"https:\/\/anetoseguro.com\/wp-content\/uploads\/2017\/09\/Aneto_150905_Gerardo_Bielsa_Pellicer-350x391.jpg\" alt=\"Gerardo Bielsa Aneto nevado\" width=\"350\" height=\"391\" srcset=\"https:\/\/anetoseguro.com\/wp-content\/uploads\/2017\/09\/Aneto_150905_Gerardo_Bielsa_Pellicer-350x391.jpg 350w, https:\/\/anetoseguro.com\/wp-content\/uploads\/2017\/09\/Aneto_150905_Gerardo_Bielsa_Pellicer-768x858.jpg 768w, https:\/\/anetoseguro.com\/wp-content\/uploads\/2017\/09\/Aneto_150905_Gerardo_Bielsa_Pellicer-730x816.jpg 730w, https:\/\/anetoseguro.com\/wp-content\/uploads\/2017\/09\/Aneto_150905_Gerardo_Bielsa_Pellicer.jpg 859w\" sizes=\"auto, (max-width: 350px) 100vw, 350px\" \/><\/a><p id=\"caption-attachment-693\" class=\"wp-caption-text\">Foto de Gerado Bielsa el 5 de septiembre de 2015<\/p><\/div><\/p>\n<p>Chaque \u00e9t\u00e9, les randonneurs se font surprendre par <strong>un jour de neige sur le sommet de l\u2019Aneto, en plein mois d\u2019ao\u00fbt<\/strong>. Il n\u2019est pas rare non plus qu\u2019il <strong>neige en septembre, m\u00eame \u00e0 une altitude moyenne (2000\u00a0m) et que la neige tienne plusieurs jours,<\/strong> rendant plus compliqu\u00e9e l&#8217;ascension du mont <strong>Aneto<\/strong><strong>.<\/strong><\/p>\n<h4>Planifiez m\u00e9ticuleusement votre ascension<\/h4>\n<p><strong><a href=\"https:\/\/anetoseguro.com\/meteorologia\/\">Consulter les pr\u00e9visions m\u00e9t\u00e9orologiques<\/a><\/strong> est un pr\u00e9requis incontournable avant de partir en montagne si vous ne voulez pas \u00eatre pris par surprise. <strong><a href=\"http:\/\/www.aemet.es\/es\/eltiempo\/prediccion\/montana?w=&amp;p=arn1\">AEMET montagne<\/a><\/strong> et ses <strong><a href=\"http:\/\/www.aemet.es\/es\/eltiempo\/prediccion\/modelosnumericos\/harmonie_arome_ccaa?opc2=arn\">mod\u00e8les num\u00e9riques pour les temp\u00e9ratures et les pr\u00e9cipitations<\/a><\/strong> fournissent toutes les informations dont vous avez besoin. Nous vous rappelons que <strong>ce ne sont que des pr\u00e9visions et pas des certitudes.<\/strong><\/p>\n<p>D\u00e8s <strong>\u00a0septembre, les jours diminuent<\/strong> et la trajectoire du soleil est moins verticale, les journ\u00e9es sont donc plus fra\u00eeches et plus courtes. Durant la nuit, des temp\u00e9ratures proches ou inf\u00e9rieures \u00e0 z\u00e9ro sont courantes, tant dans la vall\u00e9e qu\u2019en altitude (<strong><a href=\"https:\/\/www.sunearthtools.com\/dp\/tools\/pos_sun.php?lang=es\">si la trajectoire du soleil vous int\u00e9resse, ce site est fait pour vous<\/a><\/strong>).<\/p>\n<p>Nous vous rappelons que les <strong><a href=\"https:\/\/www.alberguesyrefugios.com\/webcams\">webcams des refuges<\/a><\/strong> sont \u00e0 votre disposition et vous renseignent sur les conditions m\u00e9t\u00e9orologiques en montagne. Dans les alentours du mont Aneto, vous pouvez consulter celles du refuge de <strong><a href=\"https:\/\/www.alberguesyrefugios.com\/larenclusa\/montanasegura\">La Renclusa<\/a><\/strong> et du refuge du <strong><a href=\"https:\/\/www.alberguesyrefugios.com\/capdellauset\/montanasegura\">Cap de Llauset.<\/a><\/strong> Sur ce site web, vous trouverez \u00e9galement <strong>d\u2019autres informations extr\u00eamement int\u00e9ressantes sur la s\u00e9curit\u00e9,<\/strong> comme par exemple <strong>des donn\u00e9es sur les pr\u00e9cipitations, les vents et les temp\u00e9ratures ainsi que sur l\u2019\u00e9tat des voies<\/strong> les plus emprunt\u00e9es.<\/p>\n<h4>Agir avec prudence<\/h4>\n<p>Une fois sur place, si vous constatez que la montagne est enneig\u00e9e, (et cela ne devrait pas \u00eatre une surprise pour vous ;-)) tenez compte du fait que ces <strong>\u00ab\u00a0premi\u00e8res neiges\u00a0\u00bb<\/strong> &#8211;\u00a0si elles sont n\u00e9cessaires\u00a0&#8211; sont difficilement praticables et <strong><a href=\"https:\/\/anetoseguro.com\/progresion-y-senalizacion\/\">rendent l&#8217;ascension plus compliqu\u00e9e.<\/a><\/strong> Avec un ou deux centim\u00e8tres de neige, <strong>les pierres sont glissantes<\/strong>. Ajoutez \u00e0 cela le soleil qui la fait fondre, <strong>elle se transformera en glace pendant la nuit, et <\/strong>le terrain <strong>sera encore plus glissant<\/strong>. \u00c0 partir de 5\u00a0cm de neige <strong>l\u2019espace entre les pierres est combl\u00e9.<\/strong> En plus du risque de chute potentielle, \u00e9voluer sur ce genre de terrain devient de plus en plus difficile.<\/p>\n<p>Si le syst\u00e8me <strong>des v\u00eatements superpos\u00e9s, les gants et le bonnet<\/strong> doivent toujours faire partie int\u00e9grante <strong><a href=\"https:\/\/anetoseguro.com\/vestirse\/\">de votre \u00e9quipement<\/a><\/strong>, \u00e0 cette \u00e9poque de l\u2019ann\u00e9e, ces \u00e9l\u00e9ments sont vitaux\u00a0: en plein \u00e9t\u00e9, les journaux nous surprennent toujours par des r\u00e9cits de <strong><a href=\"http:\/\/www.heraldo.es\/noticias\/aragon\/huesca-provincia\/2017\/09\/10\/un-montanero-enriscado-aneto-sufre-congelaciones-1195956-1101026.html\">victimes secourues pour cause d\u2019hypothermie<\/a><\/strong>, voire m\u00eame parfois, <strong><a href=\"http:\/\/www.lugaresdenieve.com\/?q=es\/noticia\/joven-excursionista-muere-frio-mientras-hacia-excursion-valle-aran\">d\u00e9c\u00e9d\u00e9es dans nos montagnes pour ces m\u00eames raisons<\/a><\/strong>.<\/p>\n<p>En septembre, ces \u00e9pisodes de neige peuvent durer un ou deux jours\u00a0; en octobre, trois ou quatre, jusqu\u2019au jour o\u00f9, finalement, la neige ne fond plus et s\u2019installe jusqu\u2019au printemps suivant. C\u2019est le cycle naturel\u00a0; <strong><a href=\"https:\/\/anetoseguro.com\/el-glaciar-del-aneto-en-agosto\/\">le glacier en a besoin<\/a><\/strong>.<\/p>\n<div id=\"attachment_694\" style=\"width: 360px\" class=\"wp-caption aligncenter\"><a href=\"https:\/\/anetoseguro.com\/wp-content\/uploads\/2017\/09\/WhatsApp-Image-2017-09-14-at-10.36.27.jpeg\"><img loading=\"lazy\" decoding=\"async\" aria-describedby=\"caption-attachment-694\" class=\"wp-image-694 size-medium\" title=\"Refugio de La Renclusa el 9 de septiembre de 2017\" src=\"https:\/\/anetoseguro.com\/wp-content\/uploads\/2017\/09\/WhatsApp-Image-2017-09-14-at-10.36.27-350x263.jpeg\" alt=\"Refugio de La Renclusa el 9 de septiembre de 2017\" width=\"350\" height=\"263\" srcset=\"https:\/\/anetoseguro.com\/wp-content\/uploads\/2017\/09\/WhatsApp-Image-2017-09-14-at-10.36.27-350x263.jpeg 350w, https:\/\/anetoseguro.com\/wp-content\/uploads\/2017\/09\/WhatsApp-Image-2017-09-14-at-10.36.27-768x576.jpeg 768w, https:\/\/anetoseguro.com\/wp-content\/uploads\/2017\/09\/WhatsApp-Image-2017-09-14-at-10.36.27-730x548.jpeg 730w, https:\/\/anetoseguro.com\/wp-content\/uploads\/2017\/09\/WhatsApp-Image-2017-09-14-at-10.36.27-1366x1025.jpeg 1366w, https:\/\/anetoseguro.com\/wp-content\/uploads\/2017\/09\/WhatsApp-Image-2017-09-14-at-10.36.27.jpeg 1599w\" sizes=\"auto, (max-width: 350px) 100vw, 350px\" \/><\/a><p id=\"caption-attachment-694\" class=\"wp-caption-text\">Refugio de La Renclusa el 9 de septiembre de 2017<\/p><\/div>\n<p><div id=\"attachment_697\" style=\"width: 360px\" class=\"wp-caption aligncenter\"><a href=\"https:\/\/anetoseguro.com\/wp-content\/uploads\/2017\/09\/WhatsApp-Image-2017-09-13-at-17.40.21.jpeg\"><img loading=\"lazy\" decoding=\"async\" aria-describedby=\"caption-attachment-697\" class=\"wp-image-697 size-medium\" title=\"Gerardo Bielsa volando sobre el Aneto\" src=\"https:\/\/anetoseguro.com\/wp-content\/uploads\/2017\/09\/WhatsApp-Image-2017-09-13-at-17.40.21-350x197.jpeg\" alt=\"Gerardo Bielsa volando sobre el Aneto\" width=\"350\" height=\"197\" srcset=\"https:\/\/anetoseguro.com\/wp-content\/uploads\/2017\/09\/WhatsApp-Image-2017-09-13-at-17.40.21-350x197.jpeg 350w, https:\/\/anetoseguro.com\/wp-content\/uploads\/2017\/09\/WhatsApp-Image-2017-09-13-at-17.40.21-768x433.jpeg 768w, https:\/\/anetoseguro.com\/wp-content\/uploads\/2017\/09\/WhatsApp-Image-2017-09-13-at-17.40.21-730x411.jpeg 730w, https:\/\/anetoseguro.com\/wp-content\/uploads\/2017\/09\/WhatsApp-Image-2017-09-13-at-17.40.21-1366x769.jpeg 1366w, https:\/\/anetoseguro.com\/wp-content\/uploads\/2017\/09\/WhatsApp-Image-2017-09-13-at-17.40.21.jpeg 1417w\" sizes=\"auto, (max-width: 350px) 100vw, 350px\" \/><\/a><p id=\"caption-attachment-697\" class=\"wp-caption-text\">Foto de Gerardo Bielsa el 13 de septiembre de 2017: se ha ido la nieve del d\u00eda 9, s\u00f3lo queda la que cay\u00f3 sobre el glaciar.<\/p><\/div><\/p>","protected":false},"excerpt":{"rendered":"<p>Chaque \u00e9t\u00e9, les randonneurs se font surprendre par un jour de neige sur le sommet de l\u2019Aneto, en plein mois d\u2019ao\u00fbt. Il n\u2019est pas rare non plus qu\u2019il neige en septembre, m\u00eame \u00e0 une altitude moyenne (2000\u00a0m) et que la neige tienne plusieurs jours, rendant plus compliqu\u00e9e l&#8217;ascension du mont Aneto. Planifiez m\u00e9ticuleusement votre ascension Consulter les pr\u00e9visions m\u00e9t\u00e9orologiques est un pr\u00e9requis incontournable avant de partir en montagne si vous ne voulez pas \u00eatre pris par surprise. AEMET montagne et ses mod\u00e8les num\u00e9riques pour les temp\u00e9ratures et les pr\u00e9cipitations fournissent toutes les informations dont vous avez besoin. Nous vous rappelons &hellip;<\/p>\n","protected":false},"author":2,"featured_media":696,"comment_status":"open","ping_status":"closed","sticky":false,"template":"","format":"standard","meta":{"_joinchat":[],"footnotes":""},"categories":[5],"tags":[],"class_list":["post-689","post","type-post","status-publish","format-standard","has-post-thumbnail","hentry","category-actualidad"],"_links":{"self":[{"href":"https:\/\/anetoseguro.com\/fr\/wp-json\/wp\/v2\/posts\/689","targetHints":{"allow":["GET"]}}],"collection":[{"href":"https:\/\/anetoseguro.com\/fr\/wp-json\/wp\/v2\/posts"}],"about":[{"href":"https:\/\/anetoseguro.com\/fr\/wp-json\/wp\/v2\/types\/post"}],"author":[{"embeddable":true,"href":"https:\/\/anetoseguro.com\/fr\/wp-json\/wp\/v2\/users\/2"}],"replies":[{"embeddable":true,"href":"https:\/\/anetoseguro.com\/fr\/wp-json\/wp\/v2\/comments?post=689"}],"version-history":[{"count":11,"href":"https:\/\/anetoseguro.com\/fr\/wp-json\/wp\/v2\/posts\/689\/revisions"}],"predecessor-version":[{"id":1221,"href":"https:\/\/anetoseguro.com\/fr\/wp-json\/wp\/v2\/posts\/689\/revisions\/1221"}],"wp:featuredmedia":[{"embeddable":true,"href":"https:\/\/anetoseguro.com\/fr\/wp-json\/wp\/v2\/media\/696"}],"wp:attachment":[{"href":"https:\/\/anetoseguro.com\/fr\/wp-json\/wp\/v2\/media?parent=689"}],"wp:term":[{"taxonomy":"category","embeddable":true,"href":"https:\/\/anetoseguro.com\/fr\/wp-json\/wp\/v2\/categories?post=689"},{"taxonomy":"post_tag","embeddable":true,"href":"https:\/\/anetoseguro.com\/fr\/wp-json\/wp\/v2\/tags?post=689"}],"curies":[{"name":"wp","href":"https:\/\/api.w.org\/{rel}","templated":true}]}}